{"id":49,"date":"2023-10-05T08:39:49","date_gmt":"2023-10-05T06:39:49","guid":{"rendered":"http:\/\/forgeka.cluster028.hosting.ovh.net\/?p=49"},"modified":"2023-11-15T16:18:27","modified_gmt":"2023-11-15T15:18:27","slug":"qui-suis-je","status":"publish","type":"post","link":"https:\/\/laforgeduzes.fr\/index.php\/2023\/10\/05\/qui-suis-je\/","title":{"rendered":"Qui suis-je"},"content":{"rendered":"\n<p class=\"wp-block-paragraph\">Au c\u0153ur du Pays d\u2019Uz\u00e8s, dans une forge ou chaque \u00e9tincelle de cr\u00e9ativit\u00e9 danse avec les flammes, Beno\u00eet Durand Kriegel mart\u00e8le son enclume passionn\u00e9ment, tout en souplesse et renoue avec l\u2019Art dans sa plus pure expression mill\u00e9naire.&nbsp;<\/p>\n\n\n\n<figure class=\"wp-block-image size-large\"><img fetchpriority=\"high\" decoding=\"async\" width=\"1024\" height=\"684\" src=\"https:\/\/forgeka.cluster028.hosting.ovh.net\/wp-content\/uploads\/2023\/10\/DSC7174-1024x684.jpg\" alt=\"\" class=\"wp-image-37\" srcset=\"https:\/\/laforgeduzes.fr\/wp-content\/uploads\/2023\/10\/DSC7174-1024x684.jpg 1024w, https:\/\/laforgeduzes.fr\/wp-content\/uploads\/2023\/10\/DSC7174-300x200.jpg 300w, https:\/\/laforgeduzes.fr\/wp-content\/uploads\/2023\/10\/DSC7174-600x401.jpg 600w, https:\/\/laforgeduzes.fr\/wp-content\/uploads\/2023\/10\/DSC7174-768x513.jpg 768w, https:\/\/laforgeduzes.fr\/wp-content\/uploads\/2023\/10\/DSC7174-1536x1025.jpg 1536w, https:\/\/laforgeduzes.fr\/wp-content\/uploads\/2023\/10\/DSC7174.jpg 2000w\" sizes=\"(max-width: 1024px) 100vw, 1024px\" \/><\/figure>\n\n\n\n<p class=\"wp-block-paragraph\">Form\u00e9 \u00e0 la m\u00e9thode Uri Hofi, r\u00e9f\u00e9rence mondiale de la forge et de la ferronnerie d\u2019art modernes, ce forgeron atypique, ancien reporter international, cr\u00e9e des pi\u00e8ces uniques aux fonctions parfois utilitaires, toujours d\u00e9coratives et vibrantes ; des formes sensuelles qu\u2019il emprunte \u00e0 la nature dans un m\u00e9lange \u00e9tonnant d\u2019esth\u00e9tique m\u00e9di\u00e9vale et Art D\u00e9co.<\/p>\n\n\n\n<p class=\"wp-block-paragraph\"><\/p>\n\n\n\n<blockquote class=\"wp-block-quote is-layout-flow wp-block-quote-is-layout-flow\">\n<p class=\"wp-block-paragraph\"><em>\u00ab&nbsp;Je cherche \u00e0 transmettre dans chacune de mes cr\u00e9ations une part de mon histoire, de mes passions et de mon engagement \u00e9thique envers l&rsquo;artisanat d&rsquo;exception. Mon objectif est de cr\u00e9er des \u0153uvres qui marient esth\u00e9tique et fonctionnalit\u00e9, et qui parlent \u00e0 ceux qui partagent mes int\u00e9r\u00eats&nbsp;\u00bb<\/em><\/p>\n<\/blockquote>\n\n\n\n<p class=\"wp-block-paragraph\"><\/p>\n\n\n\n<blockquote class=\"wp-block-quote is-layout-flow wp-block-quote-is-layout-flow\">\n<p class=\"wp-block-paragraph\">\u00ab\u00a0Il existe dans la fa\u00e7on de travailler de Benoit un rapport entre l\u2019\u00e9nergie brute du corps et du feu et sa mani\u00e8re de marteler le m\u00e9tal qui converge vers une pure cr\u00e9ation de l\u2019esprit et mat\u00e9rialise une id\u00e9e universelle de l\u2019esth\u00e9tique et de la pens\u00e9e brute\u00a0\u00bb<\/p>\n\n\n\n<p class=\"wp-block-paragraph\">Fr\u00e9d\u00e9ric Petracca, Gallerie de l&rsquo;Uz\u00e8ge<\/p>\n<\/blockquote>\n\n\n\n<h2 class=\"wp-block-heading\"><\/h2>\n\n\n\n<p class=\"wp-block-paragraph\"><\/p>\n","protected":false},"excerpt":{"rendered":"<p>Au c\u0153ur du Pays d\u2019Uz\u00e8s, dans une forge ou chaque \u00e9tincelle de cr\u00e9ativit\u00e9 danse avec les flammes, Beno\u00eet Durand Kriegel mart\u00e8le son enclume passionn\u00e9ment, tout en souplesse et renoue avec l\u2019Art dans sa plus pure expression mill\u00e9naire.&nbsp; Form\u00e9 \u00e0 la m\u00e9thode Uri Hofi, r\u00e9f\u00e9rence mondiale de la forge et de la ferronnerie d\u2019art modernes, ce [&hellip;]<\/p>\n","protected":false},"author":1,"featured_media":37,"comment_status":"open","ping_status":"open","sticky":false,"template":"","format":"standard","meta":{"footnotes":""},"categories":[9],"tags":[],"class_list":["post-49","post","type-post","status-publish","format-standard","has-post-thumbnail","hentry","category-a-propos"],"_links":{"self":[{"href":"https:\/\/laforgeduzes.fr\/index.php\/wp-json\/wp\/v2\/posts\/49","targetHints":{"allow":["GET"]}}],"collection":[{"href":"https:\/\/laforgeduzes.fr\/index.php\/wp-json\/wp\/v2\/posts"}],"about":[{"href":"https:\/\/laforgeduzes.fr\/index.php\/wp-json\/wp\/v2\/types\/post"}],"author":[{"embeddable":true,"href":"https:\/\/laforgeduzes.fr\/index.php\/wp-json\/wp\/v2\/users\/1"}],"replies":[{"embeddable":true,"href":"https:\/\/laforgeduzes.fr\/index.php\/wp-json\/wp\/v2\/comments?post=49"}],"version-history":[{"count":10,"href":"https:\/\/laforgeduzes.fr\/index.php\/wp-json\/wp\/v2\/posts\/49\/revisions"}],"predecessor-version":[{"id":130,"href":"https:\/\/laforgeduzes.fr\/index.php\/wp-json\/wp\/v2\/posts\/49\/revisions\/130"}],"wp:featuredmedia":[{"embeddable":true,"href":"https:\/\/laforgeduzes.fr\/index.php\/wp-json\/wp\/v2\/media\/37"}],"wp:attachment":[{"href":"https:\/\/laforgeduzes.fr\/index.php\/wp-json\/wp\/v2\/media?parent=49"}],"wp:term":[{"taxonomy":"category","embeddable":true,"href":"https:\/\/laforgeduzes.fr\/index.php\/wp-json\/wp\/v2\/categories?post=49"},{"taxonomy":"post_tag","embeddable":true,"href":"https:\/\/laforgeduzes.fr\/index.php\/wp-json\/wp\/v2\/tags?post=49"}],"curies":[{"name":"wp","href":"https:\/\/api.w.org\/{rel}","templated":true}]}}